{"id":1410,"date":"2022-03-04T16:06:46","date_gmt":"2022-03-04T15:06:46","guid":{"rendered":"https:\/\/consstoccarda.esteri.it\/news\/dal_consolato\/2022\/03\/covid-19-ingresso-in-germania-dal-2\/"},"modified":"2022-03-04T16:06:46","modified_gmt":"2022-03-04T15:06:46","slug":"covid-19-ingresso-in-germania-dal-2","status":"publish","type":"post","link":"https:\/\/consstoccarda.esteri.it\/de\/news\/dal_consolato\/2022\/03\/covid-19-ingresso-in-germania-dal-2\/","title":{"rendered":"COVID 19: Einreise nach Deutschland ab 27.02.2022"},"content":{"rendered":"<p><strong>Deutschland stuft Italien seit dem 27. Februar 2022 nicht mehr als Risikogebiet ein<\/strong>.<\/p>\n<p>Wer <strong>\u00e4lter als 12 Jahre<\/strong> ist und sich <strong>in den zehn Tagen vor der Einreise<\/strong> nach Deutschland ausschlie\u00dflich in Italien aufgehalten hat, unterliegt somit einzig der <strong>Nachweispficht<\/strong>.<\/p>\n<p>Weiterf\u00fchrende Informationen, k\u00f6nnen \u00fcber die Internetauftritte des <strong><a href=\"https:\/\/www.bundesgesundheitsministerium.de\/service\/gesetze-und-verordnungen\/guv-19-lp\/coronaeinreisev.html\">Bundesgesundheitsministeriums<\/a> <\/strong>und des <a href=\"https:\/\/www.auswaertiges-amt.de\/de\/quarantaene-einreise\/2371468\"><strong>Ausw\u00e4rtigen Amts<\/strong><\/a> aufgerufen werden.<\/p>\n<p>F\u00fcr Informationen \u00fcber die Einreise nach Baden &#8211; W\u00fcrttemberg, <strong><a href=\"https:\/\/www.baden-wuerttemberg.de\/de\/service\/aktuelle-infos-zu-corona\/aktuelle-corona-verordnung-des-landes-baden-wuerttemberg\/\">schlagen Sie bitte hier nach<\/a><\/strong>.<\/p>\n","protected":false},"excerpt":{"rendered":"Deutschland stuft Italien seit dem 27. Februar 2022 nicht mehr als Risikogebiet ein. Wer \u00e4lter als 12 Jahre ist und sich in den zehn Tagen vor der Einreise nach Deutschland ausschlie\u00dflich in Italien aufgehalten hat, unterliegt somit einzig der Nachweispficht. Weiterf\u00fchrende Informationen, k\u00f6nnen \u00fcber die Internetauftritte des Bundesgesundheitsministeriums und des Ausw\u00e4rtigen Amts aufgerufen werden. F\u00fcr [&hellip;]","protected":false},"author":1,"featured_media":0,"comment_status":"","ping_status":"","sticky":false,"template":"","format":"standard","meta":{"footnotes":""},"tags":[],"class_list":["post-1410","post","type-post","status-publish","format-standard","hentry"],"_links":{"self":[{"href":"https:\/\/consstoccarda.esteri.it\/de\/wp-json\/wp\/v2\/posts\/1410","targetHints":{"allow":["GET"]}}],"collection":[{"href":"https:\/\/consstoccarda.esteri.it\/de\/wp-json\/wp\/v2\/posts"}],"about":[{"href":"https:\/\/consstoccarda.esteri.it\/de\/wp-json\/wp\/v2\/types\/post"}],"author":[{"embeddable":true,"href":"https:\/\/consstoccarda.esteri.it\/de\/wp-json\/wp\/v2\/users\/1"}],"replies":[{"embeddable":true,"href":"https:\/\/consstoccarda.esteri.it\/de\/wp-json\/wp\/v2\/comments?post=1410"}],"version-history":[{"count":0,"href":"https:\/\/consstoccarda.esteri.it\/de\/wp-json\/wp\/v2\/posts\/1410\/revisions"}],"wp:attachment":[{"href":"https:\/\/consstoccarda.esteri.it\/de\/wp-json\/wp\/v2\/media?parent=1410"}],"wp:term":[{"taxonomy":"post_tag","embeddable":true,"href":"https:\/\/consstoccarda.esteri.it\/de\/wp-json\/wp\/v2\/tags?post=1410"}],"curies":[{"name":"wp","href":"https:\/\/api.w.org\/{rel}","templated":true}]}}