{"id":2447,"date":"2024-02-08T12:39:56","date_gmt":"2024-02-08T11:39:56","guid":{"rendered":"https:\/\/consstoccarda.esteri.it\/?p=2447"},"modified":"2024-06-13T17:28:13","modified_gmt":"2024-06-13T15:28:13","slug":"elezione-dei-membri-del-parlamento-europeo-spettanti-allitalia-06-09-giugno-2024-elettori-che-si-trovano-temporaneamente-in-un-paese-membro-dellunione-europea-per-motivi-di-lavoro","status":"publish","type":"post","link":"https:\/\/consstoccarda.esteri.it\/it\/news\/dal_consolato\/2024\/02\/elezione-dei-membri-del-parlamento-europeo-spettanti-allitalia-06-09-giugno-2024-elettori-che-si-trovano-temporaneamente-in-un-paese-membro-dellunione-europea-per-motivi-di-lavoro\/","title":{"rendered":"Elezione dei membri del Parlamento europeo spettanti all\u2019Italia (06-09 giugno 2024)"},"content":{"rendered":"<p style=\"text-align: center;\"><strong>AVVISO AL PUBBLICO<\/strong><\/p>\n<p style=\"text-align: justify;\"><strong>Si comunica che in concomitanza con la predisposizione e dello svolgimento delle operazioni relative alla consultazione elettorale per il rinnovo del Parlamento Europeo gli uffici rimarranno chiusi al pubblico nel pomeriggio di gioved\u00ec 6 giugno, e nelle giornate di venerd\u00ec 7e luned\u00ec 10 giugno 2024, fatta eccezione per i servizi di rilascio di certificati o duplicati elettorali o legati alle sopracitate elezioni europee ed eventuale rilascio di documenti di emergenza (ETD).<\/strong><\/p>\n<p>_________________________________________________________________________________________________________________________<\/p>\n<p style=\"text-align: justify;\">In Germania le operazioni di voto per l\u2019elezione dei membri del Parlamento europeo spettanti all\u2019Italia presso le sezioni elettorali istituite dalle Autorit\u00e0 diplomatico-consolari si svolgeranno <strong>venerd\u00ec 7 giugno dalle ore 17:00 alle ore 22:00 e sabato 8 giugno<\/strong>\u00a0<strong>dalle ore 08:00 alle ore 18:00.<\/strong><\/p>\n<p style=\"text-align: justify;\">Agli elettori iscritti all\u2019AIRE che\u00a0<strong>non abbiano optato per il voto ai membri spettanti al Paese UE di residenza (cio\u00e8 per i candidati tedeschi)<\/strong>, sar\u00e0 spedito dal Ministero dell\u2019Interno\u00a0<strong>entro il 25 maggio<\/strong>\u00a0il\u00a0<strong>certificato elettorale<\/strong>\u00a0con indicati gli orari e la localit\u00e0 della votazione.<\/p>\n<p style=\"text-align: justify;\">Tale certificato sar\u00e0 spedito anche agli elettori italiani che si trovano temporaneamente in un Paese dell\u2019Unione Europea per motivi di studio o lavoro, e ai loro familiari conviventi, che abbiano presentato apposita domanda entro il 21 marzo scorso.<br \/>\nGli elettori che, entro il quinto giorno precedente quello della votazione,\u00a0<strong>non avranno ricevuto al proprio domicilio il certificato elettorale<\/strong>, potranno farne richiesta al Capo dell\u2019Ufficio consolare della circoscrizione di competenza (<strong>a partire, quindi, dal 4 giugno<\/strong>), presentandosi di persona durante l\u2019orario di apertura al pubblico, o inviando apposita richiesta, corredata dalla copia di un documento d\u2019identit\u00e0 in corso di validit\u00e0.<\/p>\n<p><strong>Per altre informazione puoi cliccare per vedere il seguente video:\u00a0<a href=\"https:\/\/youtu.be\/NOx3yWkwKbs\">https:\/\/youtu.be\/NOx3yWkwKbs\u00a0 <\/a>\u21d2\u00a0<a class=\"\" href=\"https:\/\/ambberlino.esteri.it\/wp-content\/uploads\/2024\/05\/Elezioni-europee_2024_Il-voto-allestero.pdf\" target=\"_blank\" rel=\"noopener\" data-focus-mouse=\"false\">leggi l\u2019infografica<\/a><\/strong><\/p>\n<p><a href=\"https:\/\/www.esteri.it\/it\/servizi-consolari-e-visti\/italiani-all-estero\/elezioni-amministrative-e-referendum-locali-in-italia\/\"><strong>Clicca qui per informazioni su eventuali agevolazioni tariffarie di viaggio previste per i cittadini italiani che intendono votare in Italia in occasione di elezioni amministrative e referendum locali.<\/strong><\/a><\/p>\n<p>&#8212;&#8212;&#8212;&#8212;&#8212;&#8212;&#8212;&#8212;&#8212;&#8212;&#8212;&#8212;&#8212;&#8212;&#8212;&#8212;&#8212;&#8212;&#8212;&#8212;&#8212;&#8212;&#8212;&#8212;&#8212;&#8212;&#8212;&#8212;&#8212;&#8212;&#8212;&#8212;&#8212;&#8212;&#8212;&#8212;&#8212;&#8212;&#8212;&#8212;&#8212;&#8212;&#8212;&#8212;&#8212;&#8212;&#8212;&#8212;&#8212;&#8212;&#8212;&#8212;&#8212;&#8212;&#8212;&#8212;&#8212;&#8212;&#8212;&#8212;&#8212;&#8212;&#8212;&#8212;&#8212;&#8212;&#8212;&#8212;&#8212;&#8212;&#8212;<\/p>\n<p>Nella\u00a0<strong>circoscrizione consolare di Stoccarda<\/strong>\u00a0saranno istituiti i seguenti seggi:<\/p>\n<div class=\"responsive\">\n<table class=\"table table-bordered table-sm export-table\" style=\"height: 716px;\" width=\"1274\">\n<tbody>\n<tr class=\"thead-light\">\n<td style=\"text-align: justify;\" width=\"94\">Aalen<\/td>\n<td style=\"text-align: justify;\" width=\"239\"><strong>Greutschule<\/strong>, Parkstrasse 14, 73430 Aalen<\/td>\n<\/tr>\n<tr style=\"text-align: justify;\">\n<td width=\"94\">Albstadt<\/td>\n<td width=\"239\"><strong>Kinder- und Jugendb\u00fcro<\/strong>, Langwatte 58, 72458 Albstadt<\/td>\n<\/tr>\n<tr style=\"text-align: justify;\">\n<td width=\"94\">Baden-Baden<\/td>\n<td width=\"239\"><strong>Theodor-Heuss-Schule<\/strong>, Rheinstr. 44, 76532 Baden-Baden<\/td>\n<\/tr>\n<tr style=\"text-align: justify;\">\n<td width=\"94\">Esslingen Am Neckar<\/td>\n<td width=\"239\"><strong>Katharinenschule<\/strong>, Blumenstr.31, 73728 Esslingen Am Neckar<\/td>\n<\/tr>\n<tr style=\"text-align: justify;\">\n<td width=\"94\">Friedrichshafen<\/p>\n<p>&nbsp;<\/p>\n<p>Karlsruhe<\/td>\n<td width=\"239\"><strong>Rathaus, Foyer<\/strong>, Adenauerplatz 1, 88045 Friedrichshafen<\/p>\n<p>&nbsp;<\/p>\n<p><strong>Europ\u00e4ische Schule Karlsruhe<\/strong>, Albert-Schweitzer-Str.1, 76139, Karlsruhe<\/td>\n<\/tr>\n<tr style=\"text-align: justify;\">\n<td width=\"94\">G\u00f6ppingen<\/td>\n<td width=\"239\"><strong>Volkshochschule G\u00f6ppingen, <\/strong>M\u00f6rikestr. 16, 73033, G\u00f6ppingen<\/td>\n<\/tr>\n<tr style=\"text-align: justify;\">\n<td width=\"94\">Heilbronn<\/td>\n<td width=\"239\"><strong>Helen-Lange-Realschule<\/strong>, Weststr. 33, 74072 Heilbronn<\/td>\n<\/tr>\n<tr style=\"text-align: justify;\">\n<td width=\"94\">Ludwigsburg<\/td>\n<td width=\"239\"><strong>Landratsamt<\/strong>, Hindenburgstr. 40, 71638 Ludwigsburg<\/td>\n<\/tr>\n<tr style=\"text-align: justify;\">\n<td width=\"94\">Mannheim<\/td>\n<td width=\"239\"><strong>Congress Center Rosengarten<\/strong>, Rosengartenplatz 2, 68161 Mannheim<\/td>\n<\/tr>\n<tr style=\"text-align: justify;\">\n<td width=\"94\">Pforzhein<\/td>\n<td width=\"239\"><strong>Theodor-Heuss-Gymansium<\/strong>, Zerrennerstr. 43-45, 75172 Pforzheim<\/td>\n<\/tr>\n<\/tbody>\n<\/table>\n<\/div>\n<table class=\"table table-bordered table-sm export-table\" style=\"height: 228px;\" width=\"1273\">\n<tbody>\n<tr class=\"thead-light\" style=\"text-align: justify;\">\n<td width=\"94\">Reutlingen<\/td>\n<td width=\"239\"><strong>\u00a0 \u00a0 \u00a0 \u00a0 \u00a0 \u00a0 Ausl\u00e4nderamt, Foyer,<\/strong>Oskar-Kalbfell-Platz 2, 72764 Reutlingen<\/td>\n<\/tr>\n<tr style=\"text-align: justify;\">\n<td width=\"94\">Stuttgart<\/td>\n<td width=\"239\">\u00a0 \u00a0 \u00a0 \u00a0 \u00a0 \u00a0 <strong>K\u00f6nigin- Kaharina- Stift Gymnasium<\/strong>, Schillerstr. 5, 70173, Stuttgart<\/td>\n<\/tr>\n<tr>\n<td style=\"text-align: justify;\" width=\"94\">Ulm<\/td>\n<td style=\"text-align: justify;\" width=\"239\"><strong>\u00a0 \u00a0 \u00a0 \u00a0 \u00a0 Ulrich-von-Ensingen-Realschule<\/strong>, Frauenstr. 101, 89073 Ulm\/Donau<\/td>\n<\/tr>\n<\/tbody>\n<\/table>\n<p style=\"text-align: justify;\">Ai sensi dell\u2019articolo 7, comma 4, della Legge 18\/1979, si d\u00e0 avviso che il decreto di riferimento \u2013\u00a0<a href=\"https:\/\/www.esteri.it\/wp-content\/uploads\/2024\/04\/DPR-10-aprile-2024-indizione-dei-comizi.pdf\" target=\"_blank\" rel=\"noopener\">DPR 10 aprile 2024<\/a>, \u201cIndizione dei comizi elettorali per l\u2019elezione dei membri del Parlamento europeo spettanti all\u2019Italia\u201d \u2013 \u00e8 stato pubblicato sulla Gazzetta Ufficiale, Serie Generale, n. 85 dell\u201911.04.2024.<\/p>\n<p>&#8230;&#8230;&#8230;&#8230;&#8230;&#8230;&#8230;&#8230;&#8230;&#8230;&#8230;&#8230;&#8230;&#8230;&#8230;&#8230;&#8230;&#8230;&#8230;&#8230;&#8230;&#8230;&#8230;&#8230;&#8230;&#8230;&#8230;&#8230;&#8230;&#8230;&#8230;&#8230;&#8230;&#8230;&#8230;&#8230;&#8230;&#8230;&#8230;&#8230;&#8230;&#8230;&#8230;&#8230;&#8230;&#8230;&#8230;&#8230;&#8230;&#8230;&#8230;&#8230;&#8230;&#8230;&#8230;&#8230;&#8230;&#8230;&#8230;&#8230;&#8230;&#8230;&#8230;&#8230;&#8230;&#8230;&#8230;&#8230;&#8230;&#8230;&#8230;&#8230;&#8230;&#8230;&#8230;&#8230;&#8230;&#8230;&#8230;<\/p>\n<p style=\"text-align: justify;\"><strong>Divieto del doppio voto<\/strong>: Nessuno pu\u00f2 votare pi\u00f9 di una volta nel corso delle stesse elezioni (art. 4, c. 1 della Direttiva 93\/109\/CE del Consiglio europeo, del 6 dicembre 1993, relativa alle modalit\u00e0 di esercizio del diritto di voto e di eleggibilit\u00e0 alle elezioni del Parlamento europeo per i cittadini dell\u2019Unione che risiedono in uno Stato membro di cui non sono cittadini). Gli elettori in possesso di pi\u00f9 cittadinanze UE possono esercitare il loro diritto di voto per uno solo degli Stati di cui sono cittadini. In pratica essi possono scegliere per quali candidati esprimere il loro voto, senza necessariamente esercitare un\u2019opzione espressa, ma non possono in alcun caso votare pi\u00f9 volte,\u00a0<strong>pena le sanzioni penali previste dalle norme di ogni singolo Paese<\/strong>.<\/p>\n<p>&#8230;&#8230;&#8230;&#8230;&#8230;&#8230;&#8230;&#8230;&#8230;&#8230;&#8230;&#8230;&#8230;&#8230;&#8230;&#8230;&#8230;&#8230;&#8230;&#8230;&#8230;&#8230;&#8230;&#8230;&#8230;&#8230;&#8230;&#8230;&#8230;&#8230;&#8230;&#8230;&#8230;&#8230;&#8230;&#8230;&#8230;&#8230;&#8230;&#8230;&#8230;&#8230;&#8230;&#8230;&#8230;&#8230;&#8230;&#8230;&#8230;&#8230;&#8230;&#8230;&#8230;&#8230;&#8230;&#8230;&#8230;&#8230;&#8230;&#8230;&#8230;&#8230;&#8230;&#8230;&#8230;&#8230;&#8230;&#8230;&#8230;&#8230;&#8230;&#8230;&#8230;&#8230;&#8230;&#8230;&#8230;&#8230;&#8230;&#8230;&#8230;<\/p>\n<p style=\"text-align: justify;\"><strong>Voto in Italia<\/strong>: l\u2019elettore italiano residente all\u2019estero o temporaneamente in Germania per motivi di studio o lavoro (che abbia presentato domanda di voto all\u2019estero nei termini previsti),\u00a0<strong>se rientra in Italia<\/strong>, pu\u00f2 votare presso il proprio Comune di iscrizione elettorale: in tal caso deve farne\u00a0<strong>esplicita richiesta, entro il giorno precedente quello della votazione, al Sindaco del suddetto Comune, esibendo il certificato elettorale a lui inviato dal Ministero dell\u2019Interno presso il domicilio estero\u00a0<\/strong>.<\/p>\n<p>&#8230;&#8230;&#8230;&#8230;&#8230;&#8230;&#8230;&#8230;&#8230;&#8230;&#8230;&#8230;&#8230;&#8230;&#8230;&#8230;&#8230;&#8230;&#8230;&#8230;&#8230;&#8230;&#8230;&#8230;&#8230;&#8230;&#8230;&#8230;&#8230;&#8230;&#8230;&#8230;&#8230;&#8230;.<\/p>\n<p><strong>Opzione in favore dei candidati locali al Parlamento Europeo.<\/strong>\u00a0Gli elettori italiani residenti all\u2019estero possono anche optare, entro i termini previsti dalla legge, per il voto a favore dei candidati del Paese di residenza; in tal caso voter\u00e0 presso i seggi istituiti dalle autorit\u00e0 del Paese membro di residenza estera. Si ricorda che\u00a0<strong>per la normativa tedesca, l\u2019opzione ha carattere permanente<\/strong>: vale a dire che una volta esercitata\u00a0<strong>rimane valida per tutte le consultazioni successive, fino a formale revoca<\/strong>\u00a0da esercitarsi sempre presso il Comune tedesco di residenza.<\/p>\n<p>&#8230;&#8230;&#8230;&#8230;&#8230;&#8230;&#8230;&#8230;&#8230;&#8230;&#8230;&#8230;&#8230;&#8230;&#8230;&#8230;&#8230;&#8230;&#8230;&#8230;&#8230;&#8230;&#8230;&#8230;&#8230;&#8230;&#8230;&#8230;&#8230;&#8230;&#8230;&#8230;&#8230;&#8230;&#8230;&#8230;.<\/p>\n<p><strong>CONTATTI:<\/strong><\/p>\n<p><strong>Ufficio elettorale<\/strong><\/p>\n<p>e-mail: <strong>stoccarda.elettorale@esteri.it<\/strong><br \/>\nPEC:\u00a0<strong>con.stoccarda.anagrafe@cert.esteri.it \u00a0<\/strong><\/p>\n<hr \/>\n<p><span style=\"text-decoration: underline;\"><strong>Manifestazione di interesse per personale dei seggi elettorali<\/strong><\/span><\/p>\n<p>Le persone interessate al servizio nei seggi elettorali che verranno istituiti nella circoscrizione consolare di Stoccarda ai fini dell\u2019elezione dei membri del Parlamento europeo spettanti all\u2019Italia potranno manifestare il loro interesse sulla base delle seguenti istruzioni:<\/p>\n<ol>\n<li><a href=\"https:\/\/consstoccarda.esteri.it\/wp-content\/uploads\/2024\/03\/Foglio-informativo-per-sito-web-3.docx\">Informazioni su manifestazione di interesse per personale dei seggi elettorali;<\/a><\/li>\n<li><a href=\"https:\/\/consstoccarda.esteri.it\/wp-content\/uploads\/2024\/03\/modulo-sito-web.docx\">Modulo richiesta per manifestazione di interesse per personale dei seggi elettorali.<\/a><\/li>\n<\/ol>\n<p>&nbsp;<\/p>\n<p>&#8212;&#8212;&#8212;&#8212;&#8212;&#8212;&#8212;&#8212;&#8212;&#8212;&#8212;&#8212;&#8212;&#8212;&#8212;&#8212;&#8212;&#8212;&#8212;&#8212;&#8212;&#8212;&#8212;&#8212;&#8212;&#8212;&#8212;&#8212;&#8212;&#8212;&#8212;&#8212;&#8212;&#8212;&#8212;&#8212;&#8212;&#8212;&#8212;&#8212;&#8212;&#8212;&#8212;&#8212;&#8212;&#8212;&#8212;&#8212;&#8212;&#8212;&#8212;&#8212;&#8212;&#8212;&#8212;&#8212;&#8212;&#8212;&#8212;&#8212;&#8212;&#8212;&#8212;&#8212;&#8212;&#8212;&#8212;<\/p>\n<p><span style=\"text-decoration: underline;\"><strong>Elettori che si trovano temporaneamente in un Paese membro dell\u2019Unione Europea per motivi di lavoro o di studio<\/strong><\/span><\/p>\n<p>In occasione delle elezioni per il rinnovo del Parlamento europeo, che si svolgeranno in tutti i Paesi membri dell\u2019Unione Europea nel periodo compreso tra gioved\u00ec 6 e domenica 9 giugno 2024, gli elettori italiani che si trovano temporaneamente in un Paese membro dell\u2019Unione Europea per motivi di lavoro o di studio, nonch\u00e9 i familiari conviventi, possono votare per i membri spettanti all\u2019Italia presso i seggi istituiti dagli Uffici consolari.<\/p>\n<p>Per essere ammessi al voto \u00e8 necessario presentare <strong>entro il 21 marzo 2024 <\/strong>una domanda \u2013 indirizzata al Sindaco del Comune di iscrizione nelle liste elettorali e da presentare all\u2019Ufficio consolare italiano competente che poi ne curer\u00e0 l\u2019inoltro \u2013 che deve preferibilmente essere redatta utilizzando il modello disponibile al link riportato in calce al presente comunicato.<\/p>\n<p>La richiesta deve riportare l\u2019<strong>indicazione specifica dei motivi, di studio o lavoro, per i quali il connazionale si trova nel territorio della circoscrizione consolare<\/strong> e deve essere corredata dall\u2019<strong>attestazione del datore di lavoro\/dell\u2019istituto od ente presso cui svolge la sua attivit\u00e0 di studio<\/strong> oppure da una <strong>dichiarazione sostitutiva di atto di notoriet\u00e0<\/strong> redatta ai sensi dell\u2019art. 47 del D.P.R. 445\/2000, che contenga l\u2019indicazione dell\u2019attivit\u00e0 di lavoro o studio svolta, ovvero la qualit\u00e0 di familiare convivente.<\/p>\n<p>Le domande possono essere presentate all\u2019Ufficio consolare di competenza:<\/p>\n<ol>\n<li>per posta elettronica ordinaria o certificata (allegando file scansionato della domanda firmata + certificazione o dichiarazione sostitutiva di atto di notoriet\u00e0 + fotocopia di un documento di identit\u00e0 del richiedente) ai seguenti indirizzi:<\/li>\n<\/ol>\n<p><a href=\"mailto:stoccarda.elettorale@esteri.it\">stoccarda.elettorale@esteri.it<\/a> (posta elettronica ordinaria)<\/p>\n<p><a href=\"mailto:con.stoccarda.anagrafe@cert.esteri.it\">con.stoccarda.anagrafe@cert.esteri.it<\/a> (posta elettronica certificata)<\/p>\n<ol>\n<li>per posta all\u2019indirizzo dell\u2019Ufficio Consolare di competenza (inviando domanda + certificazione o dichiarazione sostitutiva di atto di notoriet\u00e0 + fotocopia di un documento di identit\u00e0 del richiedente), al seguente indirizzo:<\/li>\n<\/ol>\n<p><strong><em>Consolato Generale d\u2019Italia a Stoccarda<\/em><\/strong><\/p>\n<p><strong><em>Lenzhalde 46, 70192 Stoccarda<\/em><\/strong><\/p>\n<ol>\n<li>personalmente presso l\u2019Ufficio Consolare di competenza: <a href=\"https:\/\/consstoccarda.esteri.it\/it\/chi-siamo\/gli-uffici\/ufficio-e-contatti-del-consolato-di-stoccarda\/\">Clicca qui per gli orari di apertura<\/a><\/li>\n<\/ol>\n<p><strong>Il termine del<\/strong> <strong>21 marzo 2024 \u00e8 tassativo e non derogabile <\/strong>(non fa fede il timbro postale per le domande trasmesse in cartaceo): oltre tale data le domande NON potranno essere accolte e gli elettori temporaneamente all\u2019estero per motivi di lavoro o studio potranno esercitare il loro diritto di voto solo in Italia (art. 3, comma 6, DL 408\/1994).<\/p>\n<p><strong>Allegati<\/strong><\/p>\n<p><a href=\"https:\/\/consstoccarda.esteri.it\/wp-content\/uploads\/2024\/02\/MODELLO-TEMPORANEI-1.pdf\">Fac_simile domanda temporanei<\/a><\/p>\n","protected":false},"excerpt":{"rendered":"AVVISO AL PUBBLICO Si comunica che in concomitanza con la predisposizione e dello svolgimento delle operazioni relative alla consultazione elettorale per il rinnovo del Parlamento Europeo gli uffici rimarranno chiusi al pubblico nel pomeriggio di gioved\u00ec 6 giugno, e nelle giornate di venerd\u00ec 7e luned\u00ec 10 giugno 2024, fatta eccezione per i servizi di rilascio [&hellip;]","protected":false},"author":4,"featured_media":0,"comment_status":"closed","ping_status":"closed","sticky":false,"template":"","format":"standard","meta":{"footnotes":""},"tags":[],"class_list":["post-2447","post","type-post","status-publish","format-standard","hentry"],"_links":{"self":[{"href":"https:\/\/consstoccarda.esteri.it\/it\/wp-json\/wp\/v2\/posts\/2447","targetHints":{"allow":["GET"]}}],"collection":[{"href":"https:\/\/consstoccarda.esteri.it\/it\/wp-json\/wp\/v2\/posts"}],"about":[{"href":"https:\/\/consstoccarda.esteri.it\/it\/wp-json\/wp\/v2\/types\/post"}],"author":[{"embeddable":true,"href":"https:\/\/consstoccarda.esteri.it\/it\/wp-json\/wp\/v2\/users\/4"}],"replies":[{"embeddable":true,"href":"https:\/\/consstoccarda.esteri.it\/it\/wp-json\/wp\/v2\/comments?post=2447"}],"version-history":[{"count":7,"href":"https:\/\/consstoccarda.esteri.it\/it\/wp-json\/wp\/v2\/posts\/2447\/revisions"}],"predecessor-version":[{"id":2833,"href":"https:\/\/consstoccarda.esteri.it\/it\/wp-json\/wp\/v2\/posts\/2447\/revisions\/2833"}],"wp:attachment":[{"href":"https:\/\/consstoccarda.esteri.it\/it\/wp-json\/wp\/v2\/media?parent=2447"}],"wp:term":[{"taxonomy":"post_tag","embeddable":true,"href":"https:\/\/consstoccarda.esteri.it\/it\/wp-json\/wp\/v2\/tags?post=2447"}],"curies":[{"name":"wp","href":"https:\/\/api.w.org\/{rel}","templated":true}]}}