{"id":4646,"date":"2025-04-30T15:34:02","date_gmt":"2025-04-30T13:34:02","guid":{"rendered":"https:\/\/consstoccarda.esteri.it\/?p=4646"},"modified":"2025-04-30T15:37:23","modified_gmt":"2025-04-30T13:37:23","slug":"la-puglia-di-federico-ii-hohenstaufen-sacro-romano-imperatore-a-stoccarda","status":"publish","type":"post","link":"https:\/\/consstoccarda.esteri.it\/it\/news\/dal_consolato\/2025\/04\/la-puglia-di-federico-ii-hohenstaufen-sacro-romano-imperatore-a-stoccarda\/","title":{"rendered":"La Puglia di Federico II Hohenstaufen Sacro Romano Imperatore (a Stoccarda)"},"content":{"rendered":"<p>Conferenza di Pasquale Episcopo.<\/p>\n<p>Nel febbraio del 1221, dopo soli tre mesi dall\u2019incoronazione a imperatore, Federico II visit\u00f2 la Puglia per la prima volta. Due anni dopo scelse Foggia come \u201eRegalis Sedes Imperialis\u201c. Quali furono i motivi alla base della sua decisione? La conferenza metter\u00e0 in luce aspetti poco noti della vita del grande personaggio storico.<\/p>\n<p>Pasquale Episcopo, pugliese di nascita, vive a Monaco di Baviera dove lavora come docente di Italiano, lingua e cultura. Giornalista pubblicista, \u00e8 membro della associazione \u201cGesellschaft f\u00fcr Staufische Geschichte e.V.\u201d (G\u00f6ppingen) e della Societ\u00e0 di Storia patria per la Puglia (Bari). Insieme a Johann Heinrich von Stein, economista e professore emerito dell\u2019Universit\u00e0 di Stoccarda (Hohenheim), \u00e8 donatore della Stauferstele di Foggia, monumento alla memoria di Federico II. \u00c8 promotore del Museo dedicato allo STUPOR MUNDI che verr\u00e0 realizzato a Foggia.<\/p>\n<p>Prenotazione per E-Mail a: <u>s<\/u><a href=\"mailto:segreteria.stoccarda@esteri.it\" target=\"_blank\" rel=\"noopener\">egreteria.stoccarda@esteri.it<\/a> oppure Tel. 0711 \/ 2563 116.<\/p>\n<p>In allegato il manifesto.<\/p>\n","protected":false},"excerpt":{"rendered":"Conferenza di Pasquale Episcopo. Nel febbraio del 1221, dopo soli tre mesi dall\u2019incoronazione a imperatore, Federico II visit\u00f2 la Puglia per la prima volta. Due anni dopo scelse Foggia come \u201eRegalis Sedes Imperialis\u201c. Quali furono i motivi alla base della sua decisione? La conferenza metter\u00e0 in luce aspetti poco noti della vita del grande personaggio [&hellip;]","protected":false},"author":28,"featured_media":4653,"comment_status":"closed","ping_status":"closed","sticky":false,"template":"","format":"standard","meta":{"footnotes":""},"tags":[],"class_list":["post-4646","post","type-post","status-publish","format-standard","has-post-thumbnail","hentry"],"_links":{"self":[{"href":"https:\/\/consstoccarda.esteri.it\/it\/wp-json\/wp\/v2\/posts\/4646","targetHints":{"allow":["GET"]}}],"collection":[{"href":"https:\/\/consstoccarda.esteri.it\/it\/wp-json\/wp\/v2\/posts"}],"about":[{"href":"https:\/\/consstoccarda.esteri.it\/it\/wp-json\/wp\/v2\/types\/post"}],"author":[{"embeddable":true,"href":"https:\/\/consstoccarda.esteri.it\/it\/wp-json\/wp\/v2\/users\/28"}],"replies":[{"embeddable":true,"href":"https:\/\/consstoccarda.esteri.it\/it\/wp-json\/wp\/v2\/comments?post=4646"}],"version-history":[{"count":1,"href":"https:\/\/consstoccarda.esteri.it\/it\/wp-json\/wp\/v2\/posts\/4646\/revisions"}],"predecessor-version":[{"id":4650,"href":"https:\/\/consstoccarda.esteri.it\/it\/wp-json\/wp\/v2\/posts\/4646\/revisions\/4650"}],"wp:featuredmedia":[{"embeddable":true,"href":"https:\/\/consstoccarda.esteri.it\/it\/wp-json\/wp\/v2\/media\/4653"}],"wp:attachment":[{"href":"https:\/\/consstoccarda.esteri.it\/it\/wp-json\/wp\/v2\/media?parent=4646"}],"wp:term":[{"taxonomy":"post_tag","embeddable":true,"href":"https:\/\/consstoccarda.esteri.it\/it\/wp-json\/wp\/v2\/tags?post=4646"}],"curies":[{"name":"wp","href":"https:\/\/api.w.org\/{rel}","templated":true}]}}